{"id":3298,"date":"2025-12-18T19:32:56","date_gmt":"2025-12-18T19:32:56","guid":{"rendered":"https:\/\/www.vinterhistorie.dk\/?p=3298"},"modified":"2025-12-18T19:32:56","modified_gmt":"2025-12-18T19:32:56","slug":"kulturaften-mandag-26-januar-2026-kl-1900-2100","status":"publish","type":"post","link":"https:\/\/www.vinterhistorie.dk\/?p=3298","title":{"rendered":"Kulturaften mandag 26. januar 2026 kl. 19:00 &#8211; 21:00"},"content":{"rendered":"<h2><strong>Phillippa Maigaard fort\u00e6ller<\/strong><\/h2>\n<p><strong>Hvilke historier fort\u00e6ller vi om os selv og andre?<\/strong><\/p>\n<p>Hele verden bejler til Gr\u00f8nland, men hvor st\u00e5r Danmark? Hvad sker der, n\u00e5r vi ser p\u00e5 verden med vidt forskellige \u00f8jne. Kan vi bruge det til at samle, eller er det der splitter for massivt?<br \/>\nPhillippa Maigaard er 40 \u00e5r gammel, og har de seneste fire \u00e5r besk\u00e6ftiget sig med Gr\u00f8nland, mediernes rolle i samfundet og politik b\u00e5de nationalt og internationalt. Foredraget g\u00e5r t\u00e6t p\u00e5, hvad der kan ske, n\u00e5r den samme begivenhed forst\u00e5s og tolkes med en kulturarv til forskel. I \u00e5r har hun v\u00e6ret i Gr\u00f8nland, efter nogle h\u00f8jsp\u00e6ndte uger i Nuuk, hvor Trumps interesse for alvor satte gang i debatterne om relationen mellem Gr\u00f8nland og Danmark.<\/p>\n<p>Hun har d\u00e6kket regionsr\u00e5dsvalg i Danmark, hvor der med sammenl\u00e6gningen af Region Hovedstaden og Region Sj\u00e6lland er skrevet Danmarkshistorie, og s\u00e5 har hun for alvor g\u00e5et p\u00e5 opdagelse i mediernes ansvar i hverdagen, for m\u00e5den vi ser og forst\u00e5r verden.<\/p>\n<p>Undervejs blev det et opg\u00f8r med journalistikken, blot for havne i stolen overfor en af verdens mest magtfulde m\u00e6nd, da hun i marts sidste \u00e5r, fik den store \u00e6re at interviewe eks-pr\u00e6sident Obama i N\u00e6stved.<br \/>\nDe mange krumspring rundt i karrierelandskabet har formet hende til den journalist hun er i dag, har \u00e6ndret m\u00e5den hun ser verden p\u00e5, og har gjort hende larmende bevidst om, hvordan man videreformidler andres fort\u00e6llinger.<\/p>\n<p>Kom med p\u00e5 en refleksionsrejse, der i h\u00f8j grad har \u00e6ndret Phillippa Maigaards m\u00e5de at forst\u00e5 verden p\u00e5.<br \/>\nForedraget holdes mandag den 26. januar kl. 19.00 i samlingssalen p\u00e5 skolen i Nyr\u00e5d.<\/p>\n<p>Der kan k\u00f8bes kaffe\/the og kage for kr. 25 pr. person og alle er velkommen.<\/p>\n","protected":false},"excerpt":{"rendered":"<p>Phillippa Maigaard fort\u00e6ller Hvilke historier fort\u00e6ller vi om os selv og andre? Hele verden bejler til Gr\u00f8nland, men hvor st\u00e5r Danmark? Hvad sker der, n\u00e5r vi ser p\u00e5 verden med vidt forskellige \u00f8jne. Kan vi [&hellip;]<\/p>\n","protected":false},"author":4,"featured_media":3299,"comment_status":"open","ping_status":"open","sticky":false,"template":"","format":"standard","meta":{"footnotes":""},"categories":[5],"tags":[],"class_list":["post-3298","post","type-post","status-publish","format-standard","has-post-thumbnail","hentry","category-arrangementer"],"_links":{"self":[{"href":"https:\/\/www.vinterhistorie.dk\/index.php?rest_route=\/wp\/v2\/posts\/3298","targetHints":{"allow":["GET"]}}],"collection":[{"href":"https:\/\/www.vinterhistorie.dk\/index.php?rest_route=\/wp\/v2\/posts"}],"about":[{"href":"https:\/\/www.vinterhistorie.dk\/index.php?rest_route=\/wp\/v2\/types\/post"}],"author":[{"embeddable":true,"href":"https:\/\/www.vinterhistorie.dk\/index.php?rest_route=\/wp\/v2\/users\/4"}],"replies":[{"embeddable":true,"href":"https:\/\/www.vinterhistorie.dk\/index.php?rest_route=%2Fwp%2Fv2%2Fcomments&post=3298"}],"version-history":[{"count":1,"href":"https:\/\/www.vinterhistorie.dk\/index.php?rest_route=\/wp\/v2\/posts\/3298\/revisions"}],"predecessor-version":[{"id":3300,"href":"https:\/\/www.vinterhistorie.dk\/index.php?rest_route=\/wp\/v2\/posts\/3298\/revisions\/3300"}],"wp:featuredmedia":[{"embeddable":true,"href":"https:\/\/www.vinterhistorie.dk\/index.php?rest_route=\/wp\/v2\/media\/3299"}],"wp:attachment":[{"href":"https:\/\/www.vinterhistorie.dk\/index.php?rest_route=%2Fwp%2Fv2%2Fmedia&parent=3298"}],"wp:term":[{"taxonomy":"category","embeddable":true,"href":"https:\/\/www.vinterhistorie.dk\/index.php?rest_route=%2Fwp%2Fv2%2Fcategories&post=3298"},{"taxonomy":"post_tag","embeddable":true,"href":"https:\/\/www.vinterhistorie.dk\/index.php?rest_route=%2Fwp%2Fv2%2Ftags&post=3298"}],"curies":[{"name":"wp","href":"https:\/\/api.w.org\/{rel}","templated":true}]}}