{"id":3287,"date":"2025-09-07T17:38:27","date_gmt":"2025-09-07T17:38:27","guid":{"rendered":"http:\/\/www.vinterhistorie.dk\/?p=3287"},"modified":"2025-09-07T17:38:27","modified_gmt":"2025-09-07T17:38:27","slug":"kulturaften-mandag-29-september-kl-1900-2100","status":"publish","type":"post","link":"https:\/\/www.vinterhistorie.dk\/?p=3287","title":{"rendered":"Kulturaften mandag 29. september kl. 19:00-21:00"},"content":{"rendered":"<p><strong>Inga Halldorsdottir fort\u00e6ller om Hulemoseg\u00e5rdens historie<\/strong><\/p>\n<p>Hvis du har l\u00e6st fort\u00e6llingen om Hulemoseg\u00e5rden, kan du h\u00f8re r\u00f8verhistorierne, der ikke kom med i vores nye bog:<\/p>\n<p><strong><em>Flere fort\u00e6llinger fra Vintersb\u00f8lle og Nyr\u00e5d<\/em><\/strong>,<\/p>\n<p>samt en del andre fraklip. Aftenen vil byde p\u00e5 billeder, fort\u00e6l-linger om beboere og ejere, men ogs\u00e5 om hvordan selve g\u00e5rden gik fra f\u00e6stem\u00f8lleg\u00e5rd til lejrskole.<\/p>\n<p><strong>Sted:<\/strong> I samlingssalen, Kulsbjerg Skole, Nyr\u00e5d afd., Bakkeb\u00f8llevej 6, 4760 Vordingborg.<\/p>\n<p>Der kan k\u00f8bes kaffe\/the og kage for kr. 25 pr. person og alle er velkomne.<\/p>\n","protected":false},"excerpt":{"rendered":"<p>Inga Halldorsdottir fort\u00e6ller om Hulemoseg\u00e5rdens historie Hvis du har l\u00e6st fort\u00e6llingen om Hulemoseg\u00e5rden, kan du h\u00f8re r\u00f8verhistorierne, der ikke kom med i vores nye bog: Flere fort\u00e6llinger fra Vintersb\u00f8lle og Nyr\u00e5d, samt en del andre [&hellip;]<\/p>\n","protected":false},"author":4,"featured_media":3289,"comment_status":"open","ping_status":"open","sticky":false,"template":"","format":"standard","meta":{"footnotes":""},"categories":[5],"tags":[],"class_list":["post-3287","post","type-post","status-publish","format-standard","has-post-thumbnail","hentry","category-arrangementer"],"_links":{"self":[{"href":"https:\/\/www.vinterhistorie.dk\/index.php?rest_route=\/wp\/v2\/posts\/3287","targetHints":{"allow":["GET"]}}],"collection":[{"href":"https:\/\/www.vinterhistorie.dk\/index.php?rest_route=\/wp\/v2\/posts"}],"about":[{"href":"https:\/\/www.vinterhistorie.dk\/index.php?rest_route=\/wp\/v2\/types\/post"}],"author":[{"embeddable":true,"href":"https:\/\/www.vinterhistorie.dk\/index.php?rest_route=\/wp\/v2\/users\/4"}],"replies":[{"embeddable":true,"href":"https:\/\/www.vinterhistorie.dk\/index.php?rest_route=%2Fwp%2Fv2%2Fcomments&post=3287"}],"version-history":[{"count":1,"href":"https:\/\/www.vinterhistorie.dk\/index.php?rest_route=\/wp\/v2\/posts\/3287\/revisions"}],"predecessor-version":[{"id":3288,"href":"https:\/\/www.vinterhistorie.dk\/index.php?rest_route=\/wp\/v2\/posts\/3287\/revisions\/3288"}],"wp:featuredmedia":[{"embeddable":true,"href":"https:\/\/www.vinterhistorie.dk\/index.php?rest_route=\/wp\/v2\/media\/3289"}],"wp:attachment":[{"href":"https:\/\/www.vinterhistorie.dk\/index.php?rest_route=%2Fwp%2Fv2%2Fmedia&parent=3287"}],"wp:term":[{"taxonomy":"category","embeddable":true,"href":"https:\/\/www.vinterhistorie.dk\/index.php?rest_route=%2Fwp%2Fv2%2Fcategories&post=3287"},{"taxonomy":"post_tag","embeddable":true,"href":"https:\/\/www.vinterhistorie.dk\/index.php?rest_route=%2Fwp%2Fv2%2Ftags&post=3287"}],"curies":[{"name":"wp","href":"https:\/\/api.w.org\/{rel}","templated":true}]}}